{"id":10082,"date":"2020-07-08T09:01:31","date_gmt":"2020-07-08T07:01:31","guid":{"rendered":"https:\/\/www.garlichs-immobilien.de\/?post_type=property&#038;p=10082"},"modified":"2023-06-06T15:32:07","modified_gmt":"2023-06-06T13:32:07","slug":"en-pleno-centro-de-berlin-con-vistas-al-rio-spree","status":[163],"type":[153],"link":"https:\/\/www.garlichs-immobilien.de\/es\/properties\/en-pleno-centro-de-berlin-con-vistas-al-rio-spree\/","title":{"rendered":"En pleno centro de Berl\u00edn con vistas al r\u00edo Spree"},"content":{"rendered":"\r\n<p>Luminoso piso a estrenar. Cuarta planta con ascensor y vistas al r\u00edo. Acabados de primera calidad, ubicaci\u00f3n excelente y servicio de portero!<\/p>\r\n\r\n\r\n\r\n<p>Alquiler: 2.100 \u20ac<br \/>Gastos: 350 \u20ac<br \/>Total: 2.450 \u20ac<\/p>\r\n\r\n\r\n\r\n<p><strong>Caracter\u00edsticas<\/strong><\/p>\r\n\r\n\r\n\r\n<ul>\r\n<li>2 balcones<\/li>\r\n<li>cocina abierta, completamente equipada<\/li>\r\n<li>1 ba\u00f1o con ba\u00f1era, 1 ba\u00f1o con ducha<\/li>\r\n<li>gran sal\u00f3n con mucha luz<\/li>\r\n<li>parquet con calefacci\u00f3n de suelo<\/li>\r\n<li>persianas el\u00e9ctricas<\/li>\r\n<li>trastero<\/li>\r\n<li>2 dormitorios (con peque\u00f1o vestidor)<\/li>\r\n<li>techos altos y grandes ventanas<\/li>\r\n<li>plaza de garaje por 150 \u20ac<\/li>\r\n<li>certificado energ\u00e9tico: Energiebedarfsausweis, calefacci\u00f3n central con Fernw\u00e4rme<\/li>\r\n<\/ul>\r\n\r\n\r\n\r\n<p><strong>Ubicaci\u00f3n<\/strong><\/p>\r\n\r\n\r\n\r\n<ul>\r\n<li>ubicaci\u00f3n c\u00e9ntrica y verde<\/li>\r\n<li>al lado de la K\u00f6nigliche Preu\u00dfische Porzellanmanufaktur<\/li>\r\n<li>supermercado en Levetzowstra\u00dfe<\/li>\r\n<li>directamente pegado al r\u00edo Spree, cerca de Zoologischer Garten<\/li>\r\n<li>transporte p\u00fablico: estaci\u00f3n S-Bahn \u00abTiergarten\u00bb (S3, S5, S7, S9)<\/li>\r\n<\/ul>\r\n","protected":false},"excerpt":{"rendered":"<p>Luminoso piso a estrenar. Cuarta planta con ascensor y vistas al r\u00edo. Acabados de primera calidad, ubicaci\u00f3n excelente y servicio de portero! Alquiler: 2.100 \u20acGastos: 350 \u20acTotal: 2.450 \u20ac Caracter\u00edsticas 2 balcones cocina abierta, completamente equipada 1 ba\u00f1o con ba\u00f1era, 1 ba\u00f1o con ducha gran sal\u00f3n con mucha luz parquet con calefacci\u00f3n de suelo persianas&#8230;<\/p>\n","protected":false},"author":3,"featured_media":10104,"parent":0,"menu_order":0,"comment_status":"closed","ping_status":"closed","template":"","feature":[151,150,148],"location":[106],"property_meta":[],"_links":{"self":[{"href":"https:\/\/www.garlichs-immobilien.de\/es\/wp-json\/wp\/v2\/properties\/10082"}],"collection":[{"href":"https:\/\/www.garlichs-immobilien.de\/es\/wp-json\/wp\/v2\/properties"}],"about":[{"href":"https:\/\/www.garlichs-immobilien.de\/es\/wp-json\/wp\/v2\/types\/property"}],"author":[{"embeddable":true,"href":"https:\/\/www.garlichs-immobilien.de\/es\/wp-json\/wp\/v2\/users\/3"}],"replies":[{"embeddable":true,"href":"https:\/\/www.garlichs-immobilien.de\/es\/wp-json\/wp\/v2\/comments?post=10082"}],"version-history":[{"count":20,"href":"https:\/\/www.garlichs-immobilien.de\/es\/wp-json\/wp\/v2\/properties\/10082\/revisions"}],"predecessor-version":[{"id":14891,"href":"https:\/\/www.garlichs-immobilien.de\/es\/wp-json\/wp\/v2\/properties\/10082\/revisions\/14891"}],"wp:featuredmedia":[{"embeddable":true,"href":"https:\/\/www.garlichs-immobilien.de\/es\/wp-json\/wp\/v2\/media\/10104"}],"wp:attachment":[{"href":"https:\/\/www.garlichs-immobilien.de\/es\/wp-json\/wp\/v2\/media?parent=10082"}],"wp:term":[{"taxonomy":"property-feature","embeddable":true,"href":"https:\/\/www.garlichs-immobilien.de\/es\/wp-json\/wp\/v2\/feature?post=10082"},{"taxonomy":"property-type","embeddable":true,"href":"https:\/\/www.garlichs-immobilien.de\/es\/wp-json\/wp\/v2\/type?post=10082"},{"taxonomy":"property-city","embeddable":true,"href":"https:\/\/www.garlichs-immobilien.de\/es\/wp-json\/wp\/v2\/location?post=10082"},{"taxonomy":"property-status","embeddable":true,"href":"https:\/\/www.garlichs-immobilien.de\/es\/wp-json\/wp\/v2\/status?post=10082"}],"curies":[{"name":"wp","href":"https:\/\/api.w.org\/{rel}","templated":true}]}}