{"id":19283,"date":"2021-07-20T19:13:31","date_gmt":"2021-07-20T17:13:31","guid":{"rendered":"https:\/\/www.garlichs-immobilien.de\/properties\/top-gepflegte-vermietungs-finca-mit-veranstaltungsraum\/"},"modified":"2026-03-24T17:48:52","modified_gmt":"2026-03-24T16:48:52","slug":"finca-en-perfecto-estado-para-el-alquiler-vacacional-y-o-eventos","status":[158],"type":[155,198],"link":"https:\/\/www.garlichs-immobilien.de\/es\/properties\/finca-en-perfecto-estado-para-el-alquiler-vacacional-y-o-eventos\/","title":{"rendered":"Finca en buen estado para el alquiler vacacional y\/o eventos"},"content":{"rendered":"<p>Fasnia: Finca con muchos detalles interesantes, para el alquiler vacacional (Vv) o bien para eventos. Cuenta en total con 7 unidades. La m\u00e1s grande de ca. 100 m\u00b2 podr\u00eda servir como vivienda del propietario.<\/p>\n<p>Caracter\u00edsticas: Piscina, sala\/cueva para eventos, varias terrazas, casitas para perros, gran aparcamiento, &#8216;smart home dom\u00f3tica&#8217;, vistas al mar.\u00a0Altitud ca. 100 m sobre el nivel del mar. Le animamos a que se ponga en contacto con nosotros y le haremos llegar un enlace a un v\u00eddeo desde un dron.<\/p>\n<p>Metros cuadrados seg\u00fan medici\u00f3n del a\u00f1o 2020:<\/p>\n<table border=\"0\" width=\"355\" cellspacing=\"0\" cellpadding=\"0\">\n<colgroup>\n<col width=\"221\" \/>\n<col width=\"95\" \/>\n<col width=\"39\" \/><\/colgroup>\n<tbody>\n<tr>\n<td width=\"221\" height=\"21\">Vivienda<\/td>\n<td class=\"xl65\" align=\"right\" width=\"95\">101,72<\/td>\n<td class=\"xl66\" style=\"text-align: center;\" width=\"39\">m\u00b2<\/td>\n<\/tr>\n<tr>\n<td height=\"21\">Apartamento 1<\/td>\n<td class=\"xl65\" align=\"right\">66,40<\/td>\n<td class=\"xl66\" style=\"text-align: center;\">m\u00b2<\/td>\n<\/tr>\n<tr>\n<td height=\"21\">Apartamento 2<\/td>\n<td class=\"xl65\" align=\"right\">52,51<\/td>\n<td class=\"xl66\" style=\"text-align: center;\">m\u00b2<\/td>\n<\/tr>\n<tr>\n<td height=\"21\">Apartamento 3<\/td>\n<td class=\"xl65\" align=\"right\">55,84<\/td>\n<td class=\"xl66\" style=\"text-align: center;\">m\u00b2<\/td>\n<\/tr>\n<tr>\n<td height=\"21\">Apartamento 4<\/td>\n<td class=\"xl65\" align=\"right\">47,13<\/td>\n<td class=\"xl66\" style=\"text-align: center;\">m\u00b2<\/td>\n<\/tr>\n<tr>\n<td height=\"21\">Apartamentos 5 \/ 6<\/td>\n<td class=\"xl65\" align=\"right\">75,11<\/td>\n<td class=\"xl66\" style=\"text-align: center;\">m\u00b2<\/td>\n<\/tr>\n<tr>\n<td height=\"21\">Sala para eventos<\/td>\n<td class=\"xl65\" align=\"right\">173,64<\/td>\n<td class=\"xl66\" style=\"text-align: center;\">m\u00b2<\/td>\n<\/tr>\n<tr>\n<td height=\"21\">Total metros construidos<\/td>\n<td class=\"xl65\" align=\"right\">572,35<\/td>\n<td class=\"xl66\" style=\"text-align: center;\">m\u00b2<\/td>\n<\/tr>\n<tr>\n<td height=\"21\">Total metros \u00fatiles<\/td>\n<td align=\"right\">497,64<\/td>\n<td class=\"xl66\" style=\"text-align: center;\">m\u00b2<\/td>\n<\/tr>\n<tr>\n<td height=\"21\">Parcela<\/td>\n<td class=\"xl67\" align=\"right\">6.895,11<\/td>\n<td class=\"xl68\" style=\"text-align: center;\">m\u00b2<\/td>\n<\/tr>\n<\/tbody>\n<\/table>\n<p>El precio anunciado no incluye los gastos adicionales asociados a la compraventa, tales como impuestos (ITP 6,5%), honorarios de la notar\u00eda y del registro de la propiedad.<\/p>\n","protected":false},"excerpt":{"rendered":"<p>Fasnia: Finca con muchos detalles interesantes, para el alquiler vacacional (Vv) o bien para eventos. Cuenta en total con 7 unidades. La m\u00e1s grande de ca. 100 m\u00b2 podr\u00eda servir como vivienda del propietario. Caracter\u00edsticas: Piscina, sala\/cueva para eventos, varias terrazas, casitas para perros, gran aparcamiento, &#8216;smart home dom\u00f3tica&#8217;, vistas al mar.\u00a0Altitud ca. 100 m&#8230;<\/p>\n","protected":false},"author":2,"featured_media":19302,"parent":0,"menu_order":0,"comment_status":"closed","ping_status":"closed","template":"","feature":[150,146,148],"location":[175,118,167],"property_meta":[],"_links":{"self":[{"href":"https:\/\/www.garlichs-immobilien.de\/es\/wp-json\/wp\/v2\/properties\/19283"}],"collection":[{"href":"https:\/\/www.garlichs-immobilien.de\/es\/wp-json\/wp\/v2\/properties"}],"about":[{"href":"https:\/\/www.garlichs-immobilien.de\/es\/wp-json\/wp\/v2\/types\/property"}],"author":[{"embeddable":true,"href":"https:\/\/www.garlichs-immobilien.de\/es\/wp-json\/wp\/v2\/users\/2"}],"replies":[{"embeddable":true,"href":"https:\/\/www.garlichs-immobilien.de\/es\/wp-json\/wp\/v2\/comments?post=19283"}],"version-history":[{"count":11,"href":"https:\/\/www.garlichs-immobilien.de\/es\/wp-json\/wp\/v2\/properties\/19283\/revisions"}],"predecessor-version":[{"id":40494,"href":"https:\/\/www.garlichs-immobilien.de\/es\/wp-json\/wp\/v2\/properties\/19283\/revisions\/40494"}],"wp:featuredmedia":[{"embeddable":true,"href":"https:\/\/www.garlichs-immobilien.de\/es\/wp-json\/wp\/v2\/media\/19302"}],"wp:attachment":[{"href":"https:\/\/www.garlichs-immobilien.de\/es\/wp-json\/wp\/v2\/media?parent=19283"}],"wp:term":[{"taxonomy":"property-feature","embeddable":true,"href":"https:\/\/www.garlichs-immobilien.de\/es\/wp-json\/wp\/v2\/feature?post=19283"},{"taxonomy":"property-type","embeddable":true,"href":"https:\/\/www.garlichs-immobilien.de\/es\/wp-json\/wp\/v2\/type?post=19283"},{"taxonomy":"property-city","embeddable":true,"href":"https:\/\/www.garlichs-immobilien.de\/es\/wp-json\/wp\/v2\/location?post=19283"},{"taxonomy":"property-status","embeddable":true,"href":"https:\/\/www.garlichs-immobilien.de\/es\/wp-json\/wp\/v2\/status?post=19283"}],"curies":[{"name":"wp","href":"https:\/\/api.w.org\/{rel}","templated":true}]}}