{"id":24752,"date":"2022-02-15T15:04:25","date_gmt":"2022-02-15T14:04:25","guid":{"rendered":"https:\/\/www.garlichs-immobilien.de\/properties\/la-orotava-einmaliges-anwesen-im-historischen-zentrum\/"},"modified":"2026-03-24T17:45:36","modified_gmt":"2026-03-24T16:45:36","slug":"propiedad-unica-en-el-centro-historico-de-la-orotava","status":[158],"type":[155,198],"link":"https:\/\/www.garlichs-immobilien.de\/es\/properties\/propiedad-unica-en-el-centro-historico-de-la-orotava\/","title":{"rendered":"Propiedad \u00fanica en el centro hist\u00f3rico de La Orotava"},"content":{"rendered":"<p>Casa se\u00f1orial con mucha historia en el casco de La Orotava. Amplia parcela en la que queda la posibilidad de construir m\u00e1s. Situada a 330 m sobre el nivel del mar, la propiedad ofrece una magn\u00edfica vista sobre el valle de la Orotava,\u00a0mucha privacidad y, sin embargo, est\u00e1 a pocos metros del ayuntamiento de La Orotava. Se vende con el inventario y los valiosos cuadros y objetos de arte.<span class=\"Apple-converted-space\">\u00a0<\/span><\/p>\n<p>Hay una detallada documentaci\u00f3n disponible. Interesante ser\u00eda el uso con fines comerciales (hotel, eventos, museo, centro de reuniones, subarriendo, etc.). Tambi\u00e9n es posible un uso comercial parcial o totalmente privado.<\/p>\n<p>El precio anunciado no incluye los gastos adicionales asociados a la compraventa, tales como impuestos (ITP 6,5%), honorarios de la notar\u00eda y del registro de la propiedad.<\/p>\n","protected":false},"excerpt":{"rendered":"<p>Casa se\u00f1orial con mucha historia en el casco de La Orotava. Amplia parcela en la que queda la posibilidad de construir m\u00e1s. Situada a 330 m sobre el nivel del mar, la propiedad ofrece una magn\u00edfica vista sobre el valle de la Orotava,\u00a0mucha privacidad y, sin embargo, est\u00e1 a pocos metros del ayuntamiento de La&#8230;<\/p>\n","protected":false},"author":2,"featured_media":24678,"parent":0,"menu_order":0,"comment_status":"closed","ping_status":"closed","template":"","feature":[150,148],"location":[126,118,121],"property_meta":[],"_links":{"self":[{"href":"https:\/\/www.garlichs-immobilien.de\/es\/wp-json\/wp\/v2\/properties\/24752"}],"collection":[{"href":"https:\/\/www.garlichs-immobilien.de\/es\/wp-json\/wp\/v2\/properties"}],"about":[{"href":"https:\/\/www.garlichs-immobilien.de\/es\/wp-json\/wp\/v2\/types\/property"}],"author":[{"embeddable":true,"href":"https:\/\/www.garlichs-immobilien.de\/es\/wp-json\/wp\/v2\/users\/2"}],"replies":[{"embeddable":true,"href":"https:\/\/www.garlichs-immobilien.de\/es\/wp-json\/wp\/v2\/comments?post=24752"}],"version-history":[{"count":5,"href":"https:\/\/www.garlichs-immobilien.de\/es\/wp-json\/wp\/v2\/properties\/24752\/revisions"}],"predecessor-version":[{"id":40490,"href":"https:\/\/www.garlichs-immobilien.de\/es\/wp-json\/wp\/v2\/properties\/24752\/revisions\/40490"}],"wp:featuredmedia":[{"embeddable":true,"href":"https:\/\/www.garlichs-immobilien.de\/es\/wp-json\/wp\/v2\/media\/24678"}],"wp:attachment":[{"href":"https:\/\/www.garlichs-immobilien.de\/es\/wp-json\/wp\/v2\/media?parent=24752"}],"wp:term":[{"taxonomy":"property-feature","embeddable":true,"href":"https:\/\/www.garlichs-immobilien.de\/es\/wp-json\/wp\/v2\/feature?post=24752"},{"taxonomy":"property-type","embeddable":true,"href":"https:\/\/www.garlichs-immobilien.de\/es\/wp-json\/wp\/v2\/type?post=24752"},{"taxonomy":"property-city","embeddable":true,"href":"https:\/\/www.garlichs-immobilien.de\/es\/wp-json\/wp\/v2\/location?post=24752"},{"taxonomy":"property-status","embeddable":true,"href":"https:\/\/www.garlichs-immobilien.de\/es\/wp-json\/wp\/v2\/status?post=24752"}],"curies":[{"name":"wp","href":"https:\/\/api.w.org\/{rel}","templated":true}]}}