{"id":40438,"date":"2026-03-14T17:42:28","date_gmt":"2026-03-14T16:42:28","guid":{"rendered":"https:\/\/www.garlichs-immobilien.de\/properties\/wohnung-mit-gaeste-einheit-und-fantastischem-meer-teideblick\/"},"modified":"2026-03-24T17:16:22","modified_gmt":"2026-03-24T16:16:22","slug":"atico-y-estudio-en-primera-linea-de-mar","status":[158],"type":[153],"link":"https:\/\/www.garlichs-immobilien.de\/es\/properties\/atico-y-estudio-en-primera-linea-de-mar\/","title":{"rendered":"\u00c1tico y estudio en primera l\u00ednea de mar"},"content":{"rendered":"\r\n<p>Tacoronte \/ Mesa del Mar \/ Primera l\u00ednea de mar: \u00c1ticos en una ubicaci\u00f3n fant\u00e1stica, frente al mar. Se trata de una vivienda principal y un estudio para invitados con entrada independiente, balc\u00f3n, cocina y ba\u00f1o. Ambas viviendas podr\u00edan unirse. Mesa del Mar pertenece al municipio de Tacoronte, conocida por la piscina natural y la playa de la Arena.<\/p>\r\n<p><strong>Detalles:<\/strong> \u00daltima planta &#8211; Ascensor &#8211; Doble acristalamiento &#8211; 3 balcones\/terrazas &#8211; Ba\u00f1os modernos &#8211; Cocina americana equipada &#8211; Primera l\u00ednea de mar &#8211; Orientaci\u00f3n oeste con preciosas puestas de sol &#8211; Piscina natural y playa justo delante de la casa &#8211; Vistas al mar &#8211; Vistas al Teide.<\/p>\r\n<p class=\"p1\">El precio anunciado no incluye los gastos adicionales asociados a la compraventa, tales como impuestos (ITP 6,5%), honorarios de la notar\u00eda y del registro de la propiedad.<\/p>","protected":false},"excerpt":{"rendered":"<p>Tacoronte \/ Mesa del Mar \/ Primera l\u00ednea de mar: \u00c1ticos en una ubicaci\u00f3n fant\u00e1stica, frente al mar. Se trata de una vivienda principal y un estudio para invitados con entrada independiente, balc\u00f3n, cocina y ba\u00f1o. Ambas viviendas podr\u00edan unirse. Mesa del Mar pertenece al municipio de Tacoronte, conocida por la piscina natural y la&#8230;<\/p>\n","protected":false},"author":2,"featured_media":40335,"parent":0,"menu_order":0,"comment_status":"closed","ping_status":"closed","template":"","feature":[151,146,148],"location":[138,118,121],"property_meta":[],"_links":{"self":[{"href":"https:\/\/www.garlichs-immobilien.de\/es\/wp-json\/wp\/v2\/properties\/40438"}],"collection":[{"href":"https:\/\/www.garlichs-immobilien.de\/es\/wp-json\/wp\/v2\/properties"}],"about":[{"href":"https:\/\/www.garlichs-immobilien.de\/es\/wp-json\/wp\/v2\/types\/property"}],"author":[{"embeddable":true,"href":"https:\/\/www.garlichs-immobilien.de\/es\/wp-json\/wp\/v2\/users\/2"}],"replies":[{"embeddable":true,"href":"https:\/\/www.garlichs-immobilien.de\/es\/wp-json\/wp\/v2\/comments?post=40438"}],"version-history":[{"count":6,"href":"https:\/\/www.garlichs-immobilien.de\/es\/wp-json\/wp\/v2\/properties\/40438\/revisions"}],"predecessor-version":[{"id":40468,"href":"https:\/\/www.garlichs-immobilien.de\/es\/wp-json\/wp\/v2\/properties\/40438\/revisions\/40468"}],"wp:featuredmedia":[{"embeddable":true,"href":"https:\/\/www.garlichs-immobilien.de\/es\/wp-json\/wp\/v2\/media\/40335"}],"wp:attachment":[{"href":"https:\/\/www.garlichs-immobilien.de\/es\/wp-json\/wp\/v2\/media?parent=40438"}],"wp:term":[{"taxonomy":"property-feature","embeddable":true,"href":"https:\/\/www.garlichs-immobilien.de\/es\/wp-json\/wp\/v2\/feature?post=40438"},{"taxonomy":"property-type","embeddable":true,"href":"https:\/\/www.garlichs-immobilien.de\/es\/wp-json\/wp\/v2\/type?post=40438"},{"taxonomy":"property-city","embeddable":true,"href":"https:\/\/www.garlichs-immobilien.de\/es\/wp-json\/wp\/v2\/location?post=40438"},{"taxonomy":"property-status","embeddable":true,"href":"https:\/\/www.garlichs-immobilien.de\/es\/wp-json\/wp\/v2\/status?post=40438"}],"curies":[{"name":"wp","href":"https:\/\/api.w.org\/{rel}","templated":true}]}}