{"id":42538,"date":"2026-08-30T14:22:19","date_gmt":"2026-08-30T12:22:19","guid":{"rendered":"https:\/\/www.garlichs-immobilien.de\/properties\/saniertes-stadthaus-mit-garten-und-gaste-einheit\/"},"modified":"2026-08-30T20:46:38","modified_gmt":"2026-08-30T18:46:38","slug":"casa-canaria-con-jardin-y-apartamento-de-invitados","status":[158],"type":[155],"link":"https:\/\/www.garlichs-immobilien.de\/es\/properties\/casa-canaria-con-jardin-y-apartamento-de-invitados\/","title":{"rendered":"Casa canaria con jard\u00edn y apartamento de invitados"},"content":{"rendered":"<p>En pleno casco antiguo de Garachico, esta propiedad ofrece un gran encanto canario y una ubicaci\u00f3n excelente. El mar, con sus piscinas naturales, y el ayuntamiento se encuentran a poca distancia a pie. Se han unido dos parcelas, lo que ha dado lugar a una superficie amplia con accesos desde dos calles, un bonito jard\u00edn y una vivienda independiente para invitados con ba\u00f1o propio y cocina.<\/p>\n<p><strong>Detalles:<\/strong> Estilo canario con madera y piedra natural &#8211; Estudio para invitados &#8211; Varias terrazas &#8211; Garaje &#8211; Instalaci\u00f3n fotovoltaica &#8211; Varias entradas desde dos calles paralelas &#8211; Cisternas de agua de lluvia con bomba &#8211; Jard\u00edn con hortalizas y frutas (mangos, papaya, higos, uva, pimientos, algod\u00f3n, etc.) &#8211; Estanque con peces &#8211; Lavadero &#8211; Despensa &#8211; Armarios empotrados &#8211; Vistas al mar &#8211; Ubicaci\u00f3n tranquila y, al mismo tiempo, muy c\u00e9ntrica en uno de los pueblos m\u00e1s bonitos de Canarias.<\/p>\n","protected":false},"excerpt":{"rendered":"<p>En pleno casco antiguo de Garachico, esta propiedad ofrece un gran encanto canario y una ubicaci\u00f3n excelente. El mar, con sus piscinas naturales, y el ayuntamiento se encuentran a poca distancia a pie. Se han unido dos parcelas, lo que ha dado lugar a una superficie amplia con accesos desde dos calles, un bonito jard\u00edn&#8230;<\/p>\n","protected":false},"author":2,"featured_media":42518,"parent":0,"menu_order":0,"comment_status":"closed","ping_status":"closed","template":"","feature":[151,150,148],"location":[205,118,121],"property_meta":[],"_links":{"self":[{"href":"https:\/\/www.garlichs-immobilien.de\/es\/wp-json\/wp\/v2\/properties\/42538"}],"collection":[{"href":"https:\/\/www.garlichs-immobilien.de\/es\/wp-json\/wp\/v2\/properties"}],"about":[{"href":"https:\/\/www.garlichs-immobilien.de\/es\/wp-json\/wp\/v2\/types\/property"}],"author":[{"embeddable":true,"href":"https:\/\/www.garlichs-immobilien.de\/es\/wp-json\/wp\/v2\/users\/2"}],"replies":[{"embeddable":true,"href":"https:\/\/www.garlichs-immobilien.de\/es\/wp-json\/wp\/v2\/comments?post=42538"}],"version-history":[{"count":5,"href":"https:\/\/www.garlichs-immobilien.de\/es\/wp-json\/wp\/v2\/properties\/42538\/revisions"}],"predecessor-version":[{"id":42577,"href":"https:\/\/www.garlichs-immobilien.de\/es\/wp-json\/wp\/v2\/properties\/42538\/revisions\/42577"}],"wp:featuredmedia":[{"embeddable":true,"href":"https:\/\/www.garlichs-immobilien.de\/es\/wp-json\/wp\/v2\/media\/42518"}],"wp:attachment":[{"href":"https:\/\/www.garlichs-immobilien.de\/es\/wp-json\/wp\/v2\/media?parent=42538"}],"wp:term":[{"taxonomy":"property-feature","embeddable":true,"href":"https:\/\/www.garlichs-immobilien.de\/es\/wp-json\/wp\/v2\/feature?post=42538"},{"taxonomy":"property-type","embeddable":true,"href":"https:\/\/www.garlichs-immobilien.de\/es\/wp-json\/wp\/v2\/type?post=42538"},{"taxonomy":"property-city","embeddable":true,"href":"https:\/\/www.garlichs-immobilien.de\/es\/wp-json\/wp\/v2\/location?post=42538"},{"taxonomy":"property-status","embeddable":true,"href":"https:\/\/www.garlichs-immobilien.de\/es\/wp-json\/wp\/v2\/status?post=42538"}],"curies":[{"name":"wp","href":"https:\/\/api.w.org\/{rel}","templated":true}]}}